{"id":2058,"date":"2025-10-15T09:00:00","date_gmt":"2025-10-15T07:00:00","guid":{"rendered":"https:\/\/sansilvestrebilbao.com\/wp\/?p=2058"},"modified":"2025-12-15T13:18:42","modified_gmt":"2025-12-15T12:18:43","slug":"inscripciones-de-la-bilbao-rekalde-san-silvestre-2025","status":"publish","type":"post","link":"https:\/\/sansilvestrebilbao.com\/wp\/inscripciones-de-la-bilbao-rekalde-san-silvestre-2025\/","title":{"rendered":"Inscripciones de la Bilbao Rekalde San Silvestre 2025 d\u00eda 15 de octubre"},"content":{"rendered":"\n<p>\u00a1Celebra el \u00faltimo d\u00eda del a\u00f1o de una manera saludable y divertida en la <strong>Bilbao Rekalde San Silvestre 2025<\/strong>!<\/p>\n\n\n\n<p>Un a\u00f1o m\u00e1s, estamos emocionados de anunciar que la carrera <strong>Bilbao Rekalde San Silvestre<\/strong> se llevar\u00e1 a cabo <strong>el 31 de diciembre<\/strong>. Esta tradicional carrera de <strong>San Silvestre en Bilbao<\/strong> se ha convertido en un evento anual ineludible para corredores de todas las edades y habilidades. Ya sea que seas un corredor experimentado o simplemente quieras disfrutar de una actividad saludable para despedir el a\u00f1o, \u00a1tenemos algo para todos!<\/p>\n\n\n<div class=\"su-button-center\"><a href=\"https:\/\/www.buscametas.com\/modulos\/ticket\/evento.php?codigo=1308\" class=\"su-button su-button-style-soft su-button-wide\" style=\"color:#ffffff;background-color:#FF0000;border-color:#cc0000;border-radius:8px\" target=\"_blank\" rel=\"noopener noreferrer\"><span style=\"color:#ffffff;padding:0px 22px;font-size:17px;line-height:34px;border-color:#ff4d4d;border-radius:8px;text-shadow:none\"> DORSALES AGOTADOS<small style=\"padding-bottom:7px;color:#ffffff\">Bilbao Rekalde San Silvestre 2025<\/small><\/span><\/a><\/div>\n\n\n<div class=\"wp-block-image\">\n<figure class=\"aligncenter size-full\"><a href=\"https:\/\/i0.wp.com\/sansilvestrebilbao.com\/wp\/wp-content\/uploads\/2025\/10\/XXIV_BilbaoRekaldeSanSilvestre2025_Wonka.png?ssl=1\"><img data-recalc-dims=\"1\" loading=\"lazy\" decoding=\"async\" width=\"653\" height=\"905\" data-attachment-id=\"2102\" data-permalink=\"https:\/\/sansilvestrebilbao.com\/wp\/xxiv_bilbaorekaldesansilvestre2025_wonka\/\" data-orig-file=\"https:\/\/i0.wp.com\/sansilvestrebilbao.com\/wp\/wp-content\/uploads\/2025\/10\/XXIV_BilbaoRekaldeSanSilvestre2025_Wonka.png?fit=653%2C905&amp;ssl=1\" data-orig-size=\"653,905\" data-comments-opened=\"0\" data-image-meta=\"{&quot;aperture&quot;:&quot;0&quot;,&quot;credit&quot;:&quot;&quot;,&quot;camera&quot;:&quot;&quot;,&quot;caption&quot;:&quot;&quot;,&quot;created_timestamp&quot;:&quot;0&quot;,&quot;copyright&quot;:&quot;&quot;,&quot;focal_length&quot;:&quot;0&quot;,&quot;iso&quot;:&quot;0&quot;,&quot;shutter_speed&quot;:&quot;0&quot;,&quot;title&quot;:&quot;&quot;,&quot;orientation&quot;:&quot;0&quot;}\" data-image-title=\"XXIV_BilbaoRekaldeSanSilvestre2025_Wonka\" data-image-description=\"\" data-image-caption=\"\" data-medium-file=\"https:\/\/i0.wp.com\/sansilvestrebilbao.com\/wp\/wp-content\/uploads\/2025\/10\/XXIV_BilbaoRekaldeSanSilvestre2025_Wonka.png?fit=216%2C300&amp;ssl=1\" data-large-file=\"https:\/\/i0.wp.com\/sansilvestrebilbao.com\/wp\/wp-content\/uploads\/2025\/10\/XXIV_BilbaoRekaldeSanSilvestre2025_Wonka.png?fit=653%2C905&amp;ssl=1\" src=\"https:\/\/i0.wp.com\/sansilvestrebilbao.com\/wp\/wp-content\/uploads\/2025\/10\/XXIV_BilbaoRekaldeSanSilvestre2025_Wonka.png?resize=653%2C905&#038;ssl=1\" alt=\"\" class=\"wp-image-2102\" srcset=\"https:\/\/i0.wp.com\/sansilvestrebilbao.com\/wp\/wp-content\/uploads\/2025\/10\/XXIV_BilbaoRekaldeSanSilvestre2025_Wonka.png?w=653&amp;ssl=1 653w, https:\/\/i0.wp.com\/sansilvestrebilbao.com\/wp\/wp-content\/uploads\/2025\/10\/XXIV_BilbaoRekaldeSanSilvestre2025_Wonka.png?resize=216%2C300&amp;ssl=1 216w\" sizes=\"auto, (max-width: 653px) 100vw, 653px\" \/><\/a><\/figure><\/div>\n\n\n<p>Queremos que esta carrera siga siendo un evento inclusivo para toda la comunidad.<\/p>\n\n\n\n<p>Mantente atento a nuestro <strong>sitio web, redes sociales<\/strong> y <a href=\"https:\/\/whatsapp.com\/channel\/0029VaDCsCv5K3zTmBgEyX0g\" data-type=\"link\" data-id=\"https:\/\/whatsapp.com\/channel\/0029VaDCsCv5K3zTmBgEyX0g\">nuestro nuevo canal de WhatsApp<\/a> para obtener m\u00e1s informaci\u00f3n sobre c\u00f3mo inscribirte, los horarios, recorrido y otros detalles importantes para el d\u00eda del evento. La <strong>Bilbao Rekalde San Silvestre 2025<\/strong> promete ser un d\u00eda lleno de diversi\u00f3n y deporte, y esperamos verte en la l\u00ednea de salida.<\/p>\n\n\n\n<p>No te pierdas la oportunidad de ser parte de esta tradici\u00f3n anual en Bilbao. <strong>\u00a1Nos vemos el 31 de diciembre en la Bilbao Rekalde San Silvestre 2025!<\/strong><\/p>\n\n\n\n<figure class=\"wp-block-embed is-type-video is-provider-youtube wp-block-embed-youtube wp-embed-aspect-16-9 wp-has-aspect-ratio\"><div class=\"wp-block-embed__wrapper\">\n<div class=\"video-container\"><iframe loading=\"lazy\" title=\"Bilbao Rekalde San Silvestre 2024 - Resumen\" width=\"500\" height=\"281\" src=\"https:\/\/www.youtube.com\/embed\/hVsfTJyVC18?feature=oembed&#038;wmode=opaque\" frameborder=\"0\" allow=\"accelerometer; autoplay; clipboard-write; encrypted-media; gyroscope; picture-in-picture; web-share\" referrerpolicy=\"strict-origin-when-cross-origin\" allowfullscreen><\/iframe><\/div>\n<\/div><\/figure>\n","protected":false},"excerpt":{"rendered":"<p>\u00a1Celebra el \u00faltimo d\u00eda del a\u00f1o de una manera saludable y divertida en la Bilbao Rekalde San Silvestre 2025! Un a\u00f1o m\u00e1s, estamos emocionados de anunciar que la carrera Bilbao Rekalde San Silvestre se&#46;&#46;&#46;<\/p>\n","protected":false},"author":1,"featured_media":2062,"comment_status":"closed","ping_status":"closed","sticky":true,"template":"","format":"standard","meta":{"_jetpack_memberships_contains_paid_content":false,"footnotes":"","jetpack_publicize_message":"","jetpack_publicize_feature_enabled":true,"jetpack_social_post_already_shared":true,"jetpack_social_options":{"image_generator_settings":{"template":"highway","default_image_id":0,"font":"","enabled":false},"version":2}},"categories":[1,155],"tags":[140,146,142,144,157],"class_list":["post-2058","post","type-post","status-publish","format-standard","has-post-thumbnail","hentry","category-noticias","category-san-silvestre-2025","tag-bilbaorekaldesansilvestre","tag-brss","tag-carrerabilbao","tag-correrenbilbao","tag-sansilvestre2025"],"jetpack_publicize_connections":[],"jetpack_featured_media_url":"https:\/\/i0.wp.com\/sansilvestrebilbao.com\/wp\/wp-content\/uploads\/2025\/10\/Cabecera_XXIVBilbaorekaldeSanSilvestre2025.png?fit=759%2C372&ssl=1","jetpack_sharing_enabled":true,"jetpack_shortlink":"https:\/\/wp.me\/p5pbA5-xc","_links":{"self":[{"href":"https:\/\/sansilvestrebilbao.com\/wp\/wp-json\/wp\/v2\/posts\/2058","targetHints":{"allow":["GET"]}}],"collection":[{"href":"https:\/\/sansilvestrebilbao.com\/wp\/wp-json\/wp\/v2\/posts"}],"about":[{"href":"https:\/\/sansilvestrebilbao.com\/wp\/wp-json\/wp\/v2\/types\/post"}],"author":[{"embeddable":true,"href":"https:\/\/sansilvestrebilbao.com\/wp\/wp-json\/wp\/v2\/users\/1"}],"replies":[{"embeddable":true,"href":"https:\/\/sansilvestrebilbao.com\/wp\/wp-json\/wp\/v2\/comments?post=2058"}],"version-history":[{"count":5,"href":"https:\/\/sansilvestrebilbao.com\/wp\/wp-json\/wp\/v2\/posts\/2058\/revisions"}],"predecessor-version":[{"id":2147,"href":"https:\/\/sansilvestrebilbao.com\/wp\/wp-json\/wp\/v2\/posts\/2058\/revisions\/2147"}],"wp:featuredmedia":[{"embeddable":true,"href":"https:\/\/sansilvestrebilbao.com\/wp\/wp-json\/wp\/v2\/media\/2062"}],"wp:attachment":[{"href":"https:\/\/sansilvestrebilbao.com\/wp\/wp-json\/wp\/v2\/media?parent=2058"}],"wp:term":[{"taxonomy":"category","embeddable":true,"href":"https:\/\/sansilvestrebilbao.com\/wp\/wp-json\/wp\/v2\/categories?post=2058"},{"taxonomy":"post_tag","embeddable":true,"href":"https:\/\/sansilvestrebilbao.com\/wp\/wp-json\/wp\/v2\/tags?post=2058"}],"curies":[{"name":"wp","href":"https:\/\/api.w.org\/{rel}","templated":true}]}}